{"id":8371,"date":"2025-09-07T17:15:24","date_gmt":"2025-09-07T17:15:24","guid":{"rendered":"https:\/\/izanka-zadar.hr\/?p=8371"},"modified":"2026-02-25T17:34:52","modified_gmt":"2026-02-25T17:34:52","slug":"clanak-u-slobodnoj-dalmaciji","status":"publish","type":"post","link":"https:\/\/izanka-zadar.hr\/en\/clanak-u-slobodnoj-dalmaciji\/","title":{"rendered":"An article about our company published in Slobodna Dalmacija"},"content":{"rendered":"<p>We are proud to present you an article about us that was published in Slobodna Dalmacija.<\/p>\n\n\n\n<div data-wp-interactive=\"core\/file\" class=\"wp-block-file\"><object data-wp-bind--hidden=\"!state.hasPdfPreview\" hidden class=\"wp-block-file__embed\" data=\"https:\/\/izanka-zadar.hr\/wp-content\/uploads\/2025\/09\/Slobodna-1.pdf\" type=\"application\/pdf\" style=\"width:100%;height:600px\" aria-label=\"Embed of Slobodna-1.\"><\/object><a id=\"wp-block-file--media-c6a94947-27f2-446f-a98b-0c90257813db\" href=\"https:\/\/izanka-zadar.hr\/wp-content\/uploads\/2025\/09\/Slobodna-1.pdf\">Slobodna-1<\/a><a href=\"https:\/\/izanka-zadar.hr\/wp-content\/uploads\/2025\/09\/Slobodna-1.pdf\" class=\"wp-block-file__button wp-element-button\" download aria-describedby=\"wp-block-file--media-c6a94947-27f2-446f-a98b-0c90257813db\">Preuzmi<\/a><\/div>\n\n\n\n<div data-wp-interactive=\"core\/file\" class=\"wp-block-file\"><object data-wp-bind--hidden=\"!state.hasPdfPreview\" hidden class=\"wp-block-file__embed\" data=\"https:\/\/izanka-zadar.hr\/wp-content\/uploads\/2025\/09\/Slobodna-2.pdf\" type=\"application\/pdf\" style=\"width:100%;height:600px\" aria-label=\"Embed of Slobodna-2.\"><\/object><a id=\"wp-block-file--media-d1ce3d4f-5af7-4dc6-ad8b-b26546011110\" href=\"https:\/\/izanka-zadar.hr\/wp-content\/uploads\/2025\/09\/Slobodna-2.pdf\">Slobodna-2<\/a><a href=\"https:\/\/izanka-zadar.hr\/wp-content\/uploads\/2025\/09\/Slobodna-2.pdf\" class=\"wp-block-file__button wp-element-button\" download aria-describedby=\"wp-block-file--media-d1ce3d4f-5af7-4dc6-ad8b-b26546011110\">Preuzmi<\/a><\/div>","protected":false},"excerpt":{"rendered":"<p>We are proud to present you an article about us that was published in Slobodna Dalmacija.<\/p>","protected":false},"author":1,"featured_media":8406,"comment_status":"closed","ping_status":"open","sticky":false,"template":"","format":"standard","meta":{"_acf_changed":false,"footnotes":""},"categories":[326],"tags":[587,588,586],"class_list":["post-8371","post","type-post","status-publish","format-standard","has-post-thumbnail","hentry","category-novosti","tag-dalmacija","tag-izanka","tag-slobodna"],"acf":[],"featured_image_src":{"landsacpe":["https:\/\/izanka-zadar.hr\/wp-content\/uploads\/2025\/09\/clanak-slobodna-feature-image-1060x445.webp",1060,445,true],"list":["https:\/\/izanka-zadar.hr\/wp-content\/uploads\/2025\/09\/clanak-slobodna-feature-image-463x348.webp",463,348,true],"medium":["https:\/\/izanka-zadar.hr\/wp-content\/uploads\/2025\/09\/clanak-slobodna-feature-image-300x196.webp",300,196,true],"full":["https:\/\/izanka-zadar.hr\/wp-content\/uploads\/2025\/09\/clanak-slobodna-feature-image.webp",1060,692,false]},"yoast_head":"<!-- This site is optimized with the Yoast SEO plugin v27.3 - https:\/\/yoast.com\/product\/yoast-seo-wordpress\/ -->\n<title>I\u017eanka-Zadar d.o.o. u Slobodnoj Dalmaciji \u2013 Objavljeni \u010dlanak<\/title>\n<meta name=\"description\" content=\"Tvrtka I\u017eanka-Zadar d.o.o. predstavljena je u Slobodnoj Dalmaciji. Pro\u010ditajte objavljeni \u010dlanak i saznajte vi\u0161e o na\u0161em poslovanju.\" \/>\n<meta name=\"robots\" content=\"index, follow, max-snippet:-1, max-image-preview:large, max-video-preview:-1\" \/>\n<link rel=\"canonical\" href=\"https:\/\/izanka-zadar.hr\/en\/clanak-u-slobodnoj-dalmaciji\/\" \/>\n<meta property=\"og:locale\" content=\"en_GB\" \/>\n<meta property=\"og:type\" content=\"article\" \/>\n<meta property=\"og:title\" content=\"I\u017eanka-Zadar d.o.o. u Slobodnoj Dalmaciji \u2013 Objavljeni \u010dlanak\" \/>\n<meta property=\"og:description\" content=\"Tvrtka I\u017eanka-Zadar d.o.o. predstavljena je u Slobodnoj Dalmaciji. Pro\u010ditajte objavljeni \u010dlanak i saznajte vi\u0161e o na\u0161em poslovanju.\" \/>\n<meta property=\"og:url\" content=\"https:\/\/izanka-zadar.hr\/en\/clanak-u-slobodnoj-dalmaciji\/\" \/>\n<meta property=\"og:site_name\" content=\"I\u017eanka Zadar\" \/>\n<meta property=\"article:published_time\" content=\"2025-09-07T17:15:24+00:00\" \/>\n<meta property=\"article:modified_time\" content=\"2026-02-25T17:34:52+00:00\" \/>\n<meta property=\"og:image\" content=\"https:\/\/izanka-zadar.hr\/wp-content\/uploads\/2025\/09\/clanak-slobodna-feature-image.webp\" \/>\n\t<meta property=\"og:image:width\" content=\"1060\" \/>\n\t<meta property=\"og:image:height\" content=\"692\" \/>\n\t<meta property=\"og:image:type\" content=\"image\/webp\" \/>\n<meta name=\"author\" content=\"admin\" \/>\n<meta name=\"twitter:card\" content=\"summary_large_image\" \/>\n<meta name=\"twitter:label1\" content=\"Written by\" \/>\n\t<meta name=\"twitter:data1\" content=\"admin\" \/>\n\t<meta name=\"twitter:label2\" content=\"Estimated reading time\" \/>\n\t<meta name=\"twitter:data2\" content=\"1 minute\" \/>\n<script type=\"application\/ld+json\" class=\"yoast-schema-graph\">{\"@context\":\"https:\\\/\\\/schema.org\",\"@graph\":[{\"@type\":\"Article\",\"@id\":\"https:\\\/\\\/izanka-zadar.hr\\\/clanak-u-slobodnoj-dalmaciji\\\/#article\",\"isPartOf\":{\"@id\":\"https:\\\/\\\/izanka-zadar.hr\\\/clanak-u-slobodnoj-dalmaciji\\\/\"},\"author\":{\"name\":\"admin\",\"@id\":\"https:\\\/\\\/izanka-zadar.hr\\\/#\\\/schema\\\/person\\\/c89f1dc802b5070d0bdc09cce373ed6e\"},\"headline\":\"\u010clanak o na\u0161oj tvrtki objavljen u Slobodnoj Dalmaciji\",\"datePublished\":\"2025-09-07T17:15:24+00:00\",\"dateModified\":\"2026-02-25T17:34:52+00:00\",\"mainEntityOfPage\":{\"@id\":\"https:\\\/\\\/izanka-zadar.hr\\\/clanak-u-slobodnoj-dalmaciji\\\/\"},\"wordCount\":26,\"image\":{\"@id\":\"https:\\\/\\\/izanka-zadar.hr\\\/clanak-u-slobodnoj-dalmaciji\\\/#primaryimage\"},\"thumbnailUrl\":\"https:\\\/\\\/izanka-zadar.hr\\\/wp-content\\\/uploads\\\/2025\\\/09\\\/clanak-slobodna-feature-image.webp\",\"keywords\":[\"dalmacija\",\"i\u017eanka\",\"slobodna\"],\"articleSection\":[\"Novosti\"],\"inLanguage\":\"en-GB\"},{\"@type\":\"WebPage\",\"@id\":\"https:\\\/\\\/izanka-zadar.hr\\\/clanak-u-slobodnoj-dalmaciji\\\/\",\"url\":\"https:\\\/\\\/izanka-zadar.hr\\\/clanak-u-slobodnoj-dalmaciji\\\/\",\"name\":\"I\u017eanka-Zadar d.o.o. u Slobodnoj Dalmaciji \u2013 Objavljeni \u010dlanak\",\"isPartOf\":{\"@id\":\"https:\\\/\\\/izanka-zadar.hr\\\/#website\"},\"primaryImageOfPage\":{\"@id\":\"https:\\\/\\\/izanka-zadar.hr\\\/clanak-u-slobodnoj-dalmaciji\\\/#primaryimage\"},\"image\":{\"@id\":\"https:\\\/\\\/izanka-zadar.hr\\\/clanak-u-slobodnoj-dalmaciji\\\/#primaryimage\"},\"thumbnailUrl\":\"https:\\\/\\\/izanka-zadar.hr\\\/wp-content\\\/uploads\\\/2025\\\/09\\\/clanak-slobodna-feature-image.webp\",\"datePublished\":\"2025-09-07T17:15:24+00:00\",\"dateModified\":\"2026-02-25T17:34:52+00:00\",\"author\":{\"@id\":\"https:\\\/\\\/izanka-zadar.hr\\\/#\\\/schema\\\/person\\\/c89f1dc802b5070d0bdc09cce373ed6e\"},\"description\":\"Tvrtka I\u017eanka-Zadar d.o.o. predstavljena je u Slobodnoj Dalmaciji. Pro\u010ditajte objavljeni \u010dlanak i saznajte vi\u0161e o na\u0161em poslovanju.\",\"breadcrumb\":{\"@id\":\"https:\\\/\\\/izanka-zadar.hr\\\/clanak-u-slobodnoj-dalmaciji\\\/#breadcrumb\"},\"inLanguage\":\"en-GB\",\"potentialAction\":[{\"@type\":\"ReadAction\",\"target\":[\"https:\\\/\\\/izanka-zadar.hr\\\/clanak-u-slobodnoj-dalmaciji\\\/\"]}]},{\"@type\":\"ImageObject\",\"inLanguage\":\"en-GB\",\"@id\":\"https:\\\/\\\/izanka-zadar.hr\\\/clanak-u-slobodnoj-dalmaciji\\\/#primaryimage\",\"url\":\"https:\\\/\\\/izanka-zadar.hr\\\/wp-content\\\/uploads\\\/2025\\\/09\\\/clanak-slobodna-feature-image.webp\",\"contentUrl\":\"https:\\\/\\\/izanka-zadar.hr\\\/wp-content\\\/uploads\\\/2025\\\/09\\\/clanak-slobodna-feature-image.webp\",\"width\":1060,\"height\":692},{\"@type\":\"BreadcrumbList\",\"@id\":\"https:\\\/\\\/izanka-zadar.hr\\\/clanak-u-slobodnoj-dalmaciji\\\/#breadcrumb\",\"itemListElement\":[{\"@type\":\"ListItem\",\"position\":1,\"name\":\"Po\u010detna stranica\",\"item\":\"https:\\\/\\\/izanka-zadar.hr\\\/\"},{\"@type\":\"ListItem\",\"position\":2,\"name\":\"\u010clanak o na\u0161oj tvrtki objavljen u Slobodnoj Dalmaciji\"}]},{\"@type\":\"WebSite\",\"@id\":\"https:\\\/\\\/izanka-zadar.hr\\\/#website\",\"url\":\"https:\\\/\\\/izanka-zadar.hr\\\/\",\"name\":\"I\u017eanka Zadar\",\"description\":\"Tradicija ribolova\",\"potentialAction\":[{\"@type\":\"SearchAction\",\"target\":{\"@type\":\"EntryPoint\",\"urlTemplate\":\"https:\\\/\\\/izanka-zadar.hr\\\/?s={search_term_string}\"},\"query-input\":{\"@type\":\"PropertyValueSpecification\",\"valueRequired\":true,\"valueName\":\"search_term_string\"}}],\"inLanguage\":\"en-GB\"},{\"@type\":\"Person\",\"@id\":\"https:\\\/\\\/izanka-zadar.hr\\\/#\\\/schema\\\/person\\\/c89f1dc802b5070d0bdc09cce373ed6e\",\"name\":\"admin\",\"image\":{\"@type\":\"ImageObject\",\"inLanguage\":\"en-GB\",\"@id\":\"https:\\\/\\\/secure.gravatar.com\\\/avatar\\\/19dd6cbf3280d0150e4a670a201755125665bd23f26d5364ad27a66a780d164e?s=96&d=blank&r=g\",\"url\":\"https:\\\/\\\/secure.gravatar.com\\\/avatar\\\/19dd6cbf3280d0150e4a670a201755125665bd23f26d5364ad27a66a780d164e?s=96&d=blank&r=g\",\"contentUrl\":\"https:\\\/\\\/secure.gravatar.com\\\/avatar\\\/19dd6cbf3280d0150e4a670a201755125665bd23f26d5364ad27a66a780d164e?s=96&d=blank&r=g\",\"caption\":\"admin\"},\"url\":\"https:\\\/\\\/izanka-zadar.hr\\\/en\\\/author\\\/admin\\\/\"}]}<\/script>\n<!-- \/ Yoast SEO plugin. -->","yoast_head_json":{"title":"I\u017eanka-Zadar d.o.o. u Slobodnoj Dalmaciji \u2013 Objavljeni \u010dlanak","description":"Tvrtka I\u017eanka-Zadar d.o.o. predstavljena je u Slobodnoj Dalmaciji. Pro\u010ditajte objavljeni \u010dlanak i saznajte vi\u0161e o na\u0161em poslovanju.","robots":{"index":"index","follow":"follow","max-snippet":"max-snippet:-1","max-image-preview":"max-image-preview:large","max-video-preview":"max-video-preview:-1"},"canonical":"https:\/\/izanka-zadar.hr\/en\/clanak-u-slobodnoj-dalmaciji\/","og_locale":"en_GB","og_type":"article","og_title":"I\u017eanka-Zadar d.o.o. u Slobodnoj Dalmaciji \u2013 Objavljeni \u010dlanak","og_description":"Tvrtka I\u017eanka-Zadar d.o.o. predstavljena je u Slobodnoj Dalmaciji. Pro\u010ditajte objavljeni \u010dlanak i saznajte vi\u0161e o na\u0161em poslovanju.","og_url":"https:\/\/izanka-zadar.hr\/en\/clanak-u-slobodnoj-dalmaciji\/","og_site_name":"I\u017eanka Zadar","article_published_time":"2025-09-07T17:15:24+00:00","article_modified_time":"2026-02-25T17:34:52+00:00","og_image":[{"width":1060,"height":692,"url":"https:\/\/izanka-zadar.hr\/wp-content\/uploads\/2025\/09\/clanak-slobodna-feature-image.webp","type":"image\/webp"}],"author":"admin","twitter_card":"summary_large_image","twitter_misc":{"Written by":"admin","Estimated reading time":"1 minute"},"schema":{"@context":"https:\/\/schema.org","@graph":[{"@type":"Article","@id":"https:\/\/izanka-zadar.hr\/clanak-u-slobodnoj-dalmaciji\/#article","isPartOf":{"@id":"https:\/\/izanka-zadar.hr\/clanak-u-slobodnoj-dalmaciji\/"},"author":{"name":"admin","@id":"https:\/\/izanka-zadar.hr\/#\/schema\/person\/c89f1dc802b5070d0bdc09cce373ed6e"},"headline":"\u010clanak o na\u0161oj tvrtki objavljen u Slobodnoj Dalmaciji","datePublished":"2025-09-07T17:15:24+00:00","dateModified":"2026-02-25T17:34:52+00:00","mainEntityOfPage":{"@id":"https:\/\/izanka-zadar.hr\/clanak-u-slobodnoj-dalmaciji\/"},"wordCount":26,"image":{"@id":"https:\/\/izanka-zadar.hr\/clanak-u-slobodnoj-dalmaciji\/#primaryimage"},"thumbnailUrl":"https:\/\/izanka-zadar.hr\/wp-content\/uploads\/2025\/09\/clanak-slobodna-feature-image.webp","keywords":["dalmacija","i\u017eanka","slobodna"],"articleSection":["Novosti"],"inLanguage":"en-GB"},{"@type":"WebPage","@id":"https:\/\/izanka-zadar.hr\/clanak-u-slobodnoj-dalmaciji\/","url":"https:\/\/izanka-zadar.hr\/clanak-u-slobodnoj-dalmaciji\/","name":"I\u017eanka-Zadar d.o.o. u Slobodnoj Dalmaciji \u2013 Objavljeni \u010dlanak","isPartOf":{"@id":"https:\/\/izanka-zadar.hr\/#website"},"primaryImageOfPage":{"@id":"https:\/\/izanka-zadar.hr\/clanak-u-slobodnoj-dalmaciji\/#primaryimage"},"image":{"@id":"https:\/\/izanka-zadar.hr\/clanak-u-slobodnoj-dalmaciji\/#primaryimage"},"thumbnailUrl":"https:\/\/izanka-zadar.hr\/wp-content\/uploads\/2025\/09\/clanak-slobodna-feature-image.webp","datePublished":"2025-09-07T17:15:24+00:00","dateModified":"2026-02-25T17:34:52+00:00","author":{"@id":"https:\/\/izanka-zadar.hr\/#\/schema\/person\/c89f1dc802b5070d0bdc09cce373ed6e"},"description":"Tvrtka I\u017eanka-Zadar d.o.o. predstavljena je u Slobodnoj Dalmaciji. Pro\u010ditajte objavljeni \u010dlanak i saznajte vi\u0161e o na\u0161em poslovanju.","breadcrumb":{"@id":"https:\/\/izanka-zadar.hr\/clanak-u-slobodnoj-dalmaciji\/#breadcrumb"},"inLanguage":"en-GB","potentialAction":[{"@type":"ReadAction","target":["https:\/\/izanka-zadar.hr\/clanak-u-slobodnoj-dalmaciji\/"]}]},{"@type":"ImageObject","inLanguage":"en-GB","@id":"https:\/\/izanka-zadar.hr\/clanak-u-slobodnoj-dalmaciji\/#primaryimage","url":"https:\/\/izanka-zadar.hr\/wp-content\/uploads\/2025\/09\/clanak-slobodna-feature-image.webp","contentUrl":"https:\/\/izanka-zadar.hr\/wp-content\/uploads\/2025\/09\/clanak-slobodna-feature-image.webp","width":1060,"height":692},{"@type":"BreadcrumbList","@id":"https:\/\/izanka-zadar.hr\/clanak-u-slobodnoj-dalmaciji\/#breadcrumb","itemListElement":[{"@type":"ListItem","position":1,"name":"Po\u010detna stranica","item":"https:\/\/izanka-zadar.hr\/"},{"@type":"ListItem","position":2,"name":"\u010clanak o na\u0161oj tvrtki objavljen u Slobodnoj Dalmaciji"}]},{"@type":"WebSite","@id":"https:\/\/izanka-zadar.hr\/#website","url":"https:\/\/izanka-zadar.hr\/","name":"I\u017eanka Zadar","description":"Fishing Tradition","potentialAction":[{"@type":"SearchAction","target":{"@type":"EntryPoint","urlTemplate":"https:\/\/izanka-zadar.hr\/?s={search_term_string}"},"query-input":{"@type":"PropertyValueSpecification","valueRequired":true,"valueName":"search_term_string"}}],"inLanguage":"en-GB"},{"@type":"Person","@id":"https:\/\/izanka-zadar.hr\/#\/schema\/person\/c89f1dc802b5070d0bdc09cce373ed6e","name":"admin","image":{"@type":"ImageObject","inLanguage":"en-GB","@id":"https:\/\/secure.gravatar.com\/avatar\/19dd6cbf3280d0150e4a670a201755125665bd23f26d5364ad27a66a780d164e?s=96&d=blank&r=g","url":"https:\/\/secure.gravatar.com\/avatar\/19dd6cbf3280d0150e4a670a201755125665bd23f26d5364ad27a66a780d164e?s=96&d=blank&r=g","contentUrl":"https:\/\/secure.gravatar.com\/avatar\/19dd6cbf3280d0150e4a670a201755125665bd23f26d5364ad27a66a780d164e?s=96&d=blank&r=g","caption":"admin"},"url":"https:\/\/izanka-zadar.hr\/en\/author\/admin\/"}]}},"_links":{"self":[{"href":"https:\/\/izanka-zadar.hr\/en\/wp-json\/wp\/v2\/posts\/8371","targetHints":{"allow":["GET"]}}],"collection":[{"href":"https:\/\/izanka-zadar.hr\/en\/wp-json\/wp\/v2\/posts"}],"about":[{"href":"https:\/\/izanka-zadar.hr\/en\/wp-json\/wp\/v2\/types\/post"}],"author":[{"embeddable":true,"href":"https:\/\/izanka-zadar.hr\/en\/wp-json\/wp\/v2\/users\/1"}],"replies":[{"embeddable":true,"href":"https:\/\/izanka-zadar.hr\/en\/wp-json\/wp\/v2\/comments?post=8371"}],"version-history":[{"count":1,"href":"https:\/\/izanka-zadar.hr\/en\/wp-json\/wp\/v2\/posts\/8371\/revisions"}],"predecessor-version":[{"id":11009,"href":"https:\/\/izanka-zadar.hr\/en\/wp-json\/wp\/v2\/posts\/8371\/revisions\/11009"}],"wp:featuredmedia":[{"embeddable":true,"href":"https:\/\/izanka-zadar.hr\/en\/wp-json\/wp\/v2\/media\/8406"}],"wp:attachment":[{"href":"https:\/\/izanka-zadar.hr\/en\/wp-json\/wp\/v2\/media?parent=8371"}],"wp:term":[{"taxonomy":"category","embeddable":true,"href":"https:\/\/izanka-zadar.hr\/en\/wp-json\/wp\/v2\/categories?post=8371"},{"taxonomy":"post_tag","embeddable":true,"href":"https:\/\/izanka-zadar.hr\/en\/wp-json\/wp\/v2\/tags?post=8371"}],"curies":[{"name":"wp","href":"https:\/\/api.w.org\/{rel}","templated":true}]}}